{"id":333,"date":"2013-07-11T17:11:48","date_gmt":"2013-07-11T14:11:48","guid":{"rendered":"http:\/\/www.esolar.ro\/blog\/?p=333"},"modified":"2015-06-10T14:32:11","modified_gmt":"2015-06-10T11:32:11","slug":"oradea-bihor-locul-unde-panourile-solare-cele-fotovoltaice-si-turbinele-eoliene-trec-de-la-iluminarea-publica-la-cea-pentru-domiciliu","status":"publish","type":"post","link":"https:\/\/www.esolar.ro\/blog\/oradea-bihor-locul-unde-panourile-solare-cele-fotovoltaice-si-turbinele-eoliene-trec-de-la-iluminarea-publica-la-cea-pentru-domiciliu.html","title":{"rendered":"Oradea &#8211; Bihor, locul unde panourile solare, cele fotovoltaice \u015fi turbinele eoliene trec de la iluminarea public\u0103 la cea pentru domiciliu"},"content":{"rendered":"<p style=\"text-align: justify;\"><a title=\"panouri fotovoltaice monocristaline\" href=\"http:\/\/www.esolar.ro\/tehnologie-solara-fotovoltaica\/panouri-fotovoltaice-monocristaline.html\" target=\"_blank\">Panourile fotovoltaice<\/a> sunt deja un lucru obi\u015fnuit pentru spa\u0163iile publice din jude\u0163ul Bihor. \u00cenc\u0103 de acum doi ani, \u00een Oradea se afla primul <a title=\"stalpi solari cu panouri fotovoltaice\" href=\"http:\/\/www.esolar.ro\/tehnologie-solara-fotovoltaica\/stalpi-solari-fotovoltaici-de-iluminat.html\" target=\"_blank\">st\u00e2lp alimentat cu ajutorul panourilor fotovoltaice<\/a> din Bihor. Folosul energiei solare nu se opre\u015fte aici. Parcometrele din jude\u0163 folosesc numai energie solar\u0103, chiar \u015fi liniile de tramvai sunt unse cu ajutorul fotovoltaicelor. Bihorenii au privit aceste ac\u0163iuni din spa\u0163iul public ca fiind un model de inspira\u0163ie. Chiar \u015fi Universitatea sus\u0163ine, prin intermediul Facult\u0103\u0163ii de Energetic\u0103, sursele inteligente de \u00eenc\u0103lzire care protejeaz\u0103 mediul precum sunt cu sursele de energie eolian\u0103 \u015fi energie solar\u0103.<\/p>\n<h1 style=\"text-align: justify;\">Bihorenii, deschi\u015fi c\u0103tre sursele neconven\u0163ionale de ob\u0163inere a enegiei<\/h1>\n<div id=\"attachment_1703\" style=\"width: 310px\" class=\"wp-caption alignright\"><a href=\"https:\/\/www.esolar.ro\/blog\/wp-content\/uploads\/2013\/07\/Panouri_solare_vidate_pret_SIU_10x20-bihor1.jpg\"><img aria-describedby=\"caption-attachment-1703\" decoding=\"async\" loading=\"lazy\" class=\"size-medium wp-image-1703\" src=\"https:\/\/www.esolar.ro\/blog\/wp-content\/uploads\/2013\/07\/Panouri_solare_vidate_pret_SIU_10x20-bihor1-300x300.jpg\" alt=\"Panouri solare cu tuburi vidate\" width=\"300\" height=\"300\" srcset=\"https:\/\/www.esolar.ro\/blog\/wp-content\/uploads\/2013\/07\/Panouri_solare_vidate_pret_SIU_10x20-bihor1-300x300.jpg 300w, https:\/\/www.esolar.ro\/blog\/wp-content\/uploads\/2013\/07\/Panouri_solare_vidate_pret_SIU_10x20-bihor1-150x150.jpg 150w, https:\/\/www.esolar.ro\/blog\/wp-content\/uploads\/2013\/07\/Panouri_solare_vidate_pret_SIU_10x20-bihor1.jpg 500w\" sizes=\"(max-width: 300px) 100vw, 300px\" \/><\/a><p id=\"caption-attachment-1703\" class=\"wp-caption-text\">Panouri solare cu tuburi vidate<\/p><\/div>\n<p style=\"text-align: justify;\">Dup\u0103 modelul institu\u0163iilor \u015fi serviciilor publice, bihorenii de r\u00e2nd au trecut \u015fi ei la fotovoltaice \u015fi unii chiar \u015fi la energie eolian\u0103. Spre exemplu, pentru a evita costurile uria\u015fe ale racord\u0103rii la Electrica, dar \u015fi pentru a evita costurile facturii la curent, un bihorean \u015fi-a instalat o eolian\u0103 \u00een curtea casei de vacan\u0163\u0103. Dac\u0103 v-a\u0163i decis, din diferite motive, s\u0103 urma\u0163i aceste modele, trebuie s\u0103 lua\u0163i \u00een considerare mai mul\u0163i factori.<\/p>\n<p style=\"text-align: justify;\">Spre exemplu, dac\u0103 dori\u0163i s\u0103 instala\u0163i panouri solare vidate ca parte a unui <a title=\"sistem de colectare a apei menajere\" href=\"http:\/\/www.esolar.ro\/colectoare-solare-apa-menajera-produse-in-china-siu-10x20.html\" target=\"_blank\">sistem de colectoare solare de ap\u0103 menajer\u0103<\/a> , trebuie s\u0103 \u015fti\u0163i c\u0103 acestea sunt de luat \u00een considerare tot timpul anului atat vara cat si iarna. <a title=\"pachete panouri solare cu tuburi vidate si boiler\" href=\"http:\/\/www.esolar.ro\/tehnologie-solara-termica\/panouri-solare-cu-tuburi-vidate\/seturi-panouri-solare-cu-tuburi-vidate-cu-boilere-termoelectrice.html\" target=\"_blank\">Panourile solare cu tuburi vidate<\/a> sunt foarte utile pentru o cas\u0103 de vacan\u0163\u0103, de exemplu, put\u00e2nd furniza \u00eentreg necesarul de ap\u0103 cald\u0103 pentru perioada primavar\u0103 &#8211; toamn\u0103. Acest tip de panouri solare termice se pot instala cu u\u015furin\u0163\u0103 pe orice fel de acoperi\u015f, iar costurile de \u00eentre\u0163inere a lor sunt reduse.<\/p>\n<h2 style=\"text-align: justify;\">Energie electric\u0103 ieftin\u0103 \u015fi ecologic\u0103 cu panourile fotovoltaice \u015fi turbinile eoliene<\/h2>\n<div id=\"attachment_1704\" style=\"width: 160px\" class=\"wp-caption alignright\"><a href=\"https:\/\/www.esolar.ro\/blog\/wp-content\/uploads\/2013\/07\/Panouri_fotovoltaice_electrice_IPP_95W2.jpg\"><img aria-describedby=\"caption-attachment-1704\" decoding=\"async\" loading=\"lazy\" class=\"wp-image-1704 size-thumbnail\" src=\"https:\/\/www.esolar.ro\/blog\/wp-content\/uploads\/2013\/07\/Panouri_fotovoltaice_electrice_IPP_95W2-150x150.jpg\" alt=\"Panouri fotovoltaice electrice\" width=\"150\" height=\"150\" \/><\/a><p id=\"caption-attachment-1704\" class=\"wp-caption-text\">Panouri fotovoltaice electrice<\/p><\/div>\n<p style=\"text-align: justify;\">Dac\u0103 prezentarile de mai sus v-au inspirat \u00eens\u0103 \u00een a alege s\u0103 schimba\u0163i modul \u00een care ob\u0163ine\u0163i energie electric\u0103, trebuie s\u0103 \u015fti\u0163i c\u0103 alegerea unui panou fotovoltaic este un proces care dureaz\u0103. Fotovoltaicele se aleg \u00een func\u0163ie de loca\u0163ie, nevoi \u015fi posibilit\u0103\u0163i financiare. Daca decideti s\u0103 alege\u0163i un panou fotovoltaic pentru diverse utilit\u0103\u0163i mai mici, este bine s\u0103 apela\u0163i la <a title=\"panourile electrice fotovoltaice monocristalie\" href=\" http:\/\/www.esolar.ro\/panou-electric-fotovoltaic-ipm-210w.html\" target=\"_blank\">panourile electrice fotovoltaice monocristaline<\/a>. Acestea produc suficient\u0103 energie c\u00e2t pentru a sus\u0163ine de exemplu un interfon sau o deschidere automatizat\u0103 la curte.<\/p>\n<p style=\"text-align: justify;\">Pute\u0163i lua ca model \u015fi \u00eent\u00e2mplarea b\u0103rbatului care \u015fi-a instalat eoliana la casa de vacan\u0163\u0103. Totu\u015fi dac\u0103 locui\u0163i la ora\u015f trebuie s\u0103 \u015fti\u0163i c\u0103 exist\u0103 <a title=\"instalatii eoliene pentru case\" href=\"http:\/\/www.esolar.ro\/instalatii-eoliene-pentru-casa-rtl-1803-24v-48w-276w-720w.html\" target=\"_blank\">instala\u0163ii eoliene concepute special pentru cas\u0103<\/a>. Acestea trebuie instalate \u00een zone cu v\u00e2nt puternic, iar Oradea se bucur\u0103 de el. <a title=\"turbine eoliene mici pentru case\" href=\"http:\/\/www.esolar.ro\/turbine-eoliene.html\" target=\"_blank\">Turbinele eoliene<\/a> se folosesc pentru o gam\u0103 larg\u0103 de aplica\u0163ii \u015fi \u00eencarc\u0103 excelent acumulatorii.<\/p>\n<p style=\"text-align: justify;\">Toate produsele men\u0163ionate pot fi comandate de pe\u00a0<a title=\"esolar.ro\" href=\"http:\/\/www.esolar.ro\/\" target=\"_blank\">esolar.ro<\/a>\u00a0iar montajul se poate efectua cu\u00a0<a title=\"solar service\" href=\"http:\/\/www.solar-service.ro\/\" target=\"_blank\">solar-service.ro<\/a><\/p>\n<p><iframe loading=\"lazy\" width=\"702\" height=\"395\" src=\"https:\/\/www.youtube.com\/embed\/c5jtDZ-MFZc?feature=oembed\" frameborder=\"0\" allowfullscreen><\/iframe><\/p>\n<p><iframe loading=\"lazy\" width=\"702\" height=\"395\" src=\"https:\/\/www.youtube.com\/embed\/qL5nZSho5O0?feature=oembed\" frameborder=\"0\" allowfullscreen><\/iframe><\/p>\n<p><iframe loading=\"lazy\" width=\"702\" height=\"395\" src=\"https:\/\/www.youtube.com\/embed\/umz8wHOSesQ?feature=oembed\" frameborder=\"0\" allowfullscreen><\/iframe><\/p>\n<p><iframe loading=\"lazy\" width=\"702\" height=\"395\" src=\"https:\/\/www.youtube.com\/embed\/t34YVN8OBTc?feature=oembed\" frameborder=\"0\" allowfullscreen><\/iframe><\/p>\n","protected":false},"excerpt":{"rendered":"<p>Panourile fotovoltaice sunt deja un lucru obi\u015fnuit pentru spa\u0163iile publice din jude\u0163ul Bihor. \u00cenc\u0103 de acum doi ani, \u00een Oradea se afla primul st\u00e2lp alimentat cu ajutorul panourilor fotovoltaice din Bihor. Folosul energiei solare nu se opre\u015fte aici. Parcometrele din jude\u0163 folosesc numai energie solar\u0103, chiar \u015fi liniile de tramvai sunt unse cu ajutorul fotovoltaicelor.<\/p>\n<div class=\"read-more\"><a href=\"https:\/\/www.esolar.ro\/blog\/oradea-bihor-locul-unde-panourile-solare-cele-fotovoltaice-si-turbinele-eoliene-trec-de-la-iluminarea-publica-la-cea-pentru-domiciliu.html\" title=\"Read More\">Read More<\/a><\/div>\n","protected":false},"author":5,"featured_media":2853,"comment_status":"open","ping_status":"open","sticky":false,"template":"","format":"standard","meta":[],"categories":[13,58,10,37],"tags":[159,233,234,227,663,235],"aioseo_notices":[],"_links":{"self":[{"href":"https:\/\/www.esolar.ro\/blog\/wp-json\/wp\/v2\/posts\/333"}],"collection":[{"href":"https:\/\/www.esolar.ro\/blog\/wp-json\/wp\/v2\/posts"}],"about":[{"href":"https:\/\/www.esolar.ro\/blog\/wp-json\/wp\/v2\/types\/post"}],"author":[{"embeddable":true,"href":"https:\/\/www.esolar.ro\/blog\/wp-json\/wp\/v2\/users\/5"}],"replies":[{"embeddable":true,"href":"https:\/\/www.esolar.ro\/blog\/wp-json\/wp\/v2\/comments?post=333"}],"version-history":[{"count":16,"href":"https:\/\/www.esolar.ro\/blog\/wp-json\/wp\/v2\/posts\/333\/revisions"}],"predecessor-version":[{"id":2854,"href":"https:\/\/www.esolar.ro\/blog\/wp-json\/wp\/v2\/posts\/333\/revisions\/2854"}],"wp:featuredmedia":[{"embeddable":true,"href":"https:\/\/www.esolar.ro\/blog\/wp-json\/wp\/v2\/media\/2853"}],"wp:attachment":[{"href":"https:\/\/www.esolar.ro\/blog\/wp-json\/wp\/v2\/media?parent=333"}],"wp:term":[{"taxonomy":"category","embeddable":true,"href":"https:\/\/www.esolar.ro\/blog\/wp-json\/wp\/v2\/categories?post=333"},{"taxonomy":"post_tag","embeddable":true,"href":"https:\/\/www.esolar.ro\/blog\/wp-json\/wp\/v2\/tags?post=333"}],"curies":[{"name":"wp","href":"https:\/\/api.w.org\/{rel}","templated":true}]}}