{"id":835,"count":1,"description":"","link":"https:\/\/www.esolar.ro\/blog\/tag\/apa-calda-menajera-fara-poluare","name":"ap\u0103 cald\u0103 menajer\u0103 f\u0103r\u0103 poluare","slug":"apa-calda-menajera-fara-poluare","taxonomy":"post_tag","meta":[],"_links":{"self":[{"href":"https:\/\/www.esolar.ro\/blog\/wp-json\/wp\/v2\/tags\/835"}],"collection":[{"href":"https:\/\/www.esolar.ro\/blog\/wp-json\/wp\/v2\/tags"}],"about":[{"href":"https:\/\/www.esolar.ro\/blog\/wp-json\/wp\/v2\/taxonomies\/post_tag"}],"wp:post_type":[{"href":"https:\/\/www.esolar.ro\/blog\/wp-json\/wp\/v2\/posts?tags=835"}],"curies":[{"name":"wp","href":"https:\/\/api.w.org\/{rel}","templated":true}]}}